{"id":1071,"date":"2025-09-10T13:02:34","date_gmt":"2025-09-10T11:02:34","guid":{"rendered":"https:\/\/www.celozivotnakariera.sk\/?p=1071"},"modified":"2025-09-18T13:04:31","modified_gmt":"2025-09-18T11:04:31","slug":"pilotne-testovanie-dotaznika-praceschopnosti","status":"publish","type":"post","link":"https:\/\/www.celozivotnakariera.sk\/index.php\/2025\/09\/10\/pilotne-testovanie-dotaznika-praceschopnosti\/","title":{"rendered":"Pilotn\u00e9 testovanie dotazn\u00edka pracovnej schopnosti"},"content":{"rendered":"\n<p>Z\u00e1stupcovia zamestnancov otestovali dotazn\u00edk, ktor\u00fd v r\u00e1mci celon\u00e1rodn\u00e9ho prieskumu pracovnej schopnosti vypln\u00ed a\u017e 15 600 pracovn\u00edkov. Prieskum prebieha v r\u00e1mci n\u00e1rodn\u00e9ho projektu Vekov\u00fd mana\u017ement: Pr\u00e1ca prisp\u00f4soben\u00e1 vekov\u00fdm etap\u00e1m, ktor\u00fd na p\u00f4de Aliancie sektorov\u00fdch r\u00e1d iniciovala <a href=\"https:\/\/www.facebook.com\/KOZSR?__cft__[0]=AZU_jbc3RShAGU8sulJVRozeHFhBaRDPMaXHbVd4y26PHXHdYfQh0Y8LhUT60eOB0fcw9UmpQrEDCRq00s6zAVATVSqxEUKp0TGPuRkmVzMQjjvBytnTL3LeYqNmSYfK0RTOLtxx80Y3kTZhzf8FjVaovzeQS_mxgO5fcQCGJ9g_No7h8-_KP3SeLWJ0CC2sgkc&amp;__tn__=-]K-R\">Konfeder\u00e1cia odborov\u00fdch zv\u00e4zov Slovenskej republiky &#8211; KOZ SR<\/a>.<\/p>\n\n\n\n<p>V\u00fdsledky prieskumu prines\u00fa cenn\u00e9 poznatky, ktor\u00e9 pom\u00f4\u017eu:<\/p>\n\n\n\n<p><img decoding=\"async\" height=\"16\" width=\"16\" alt=\"\ud83d\udccc\" src=\"https:\/\/static.xx.fbcdn.net\/images\/emoji.php\/v9\/tac\/1\/16\/1f4cc.png\">zisti\u0165, v akej kond\u00edcii s\u00fa pracovn\u00edci na Slovensku,<\/p>\n\n\n\n<p><img decoding=\"async\" height=\"16\" width=\"16\" alt=\"\ud83d\udccc\" src=\"https:\/\/static.xx.fbcdn.net\/images\/emoji.php\/v9\/tac\/1\/16\/1f4cc.png\">podpori\u0165 zapojenie neform\u00e1lnych opatrovn\u00edkov na trhu pr\u00e1ce,<\/p>\n\n\n\n<p><img decoding=\"async\" height=\"16\" width=\"16\" alt=\"\ud83d\udccc\" src=\"https:\/\/static.xx.fbcdn.net\/images\/emoji.php\/v9\/tac\/1\/16\/1f4cc.png\">vytvori\u0165 sektorov\u00e9 modely pre implement\u00e1ciu z\u00e1sad vekov\u00e9ho mana\u017ementu,<\/p>\n\n\n\n<p><img decoding=\"async\" height=\"16\" width=\"16\" alt=\"\ud83d\udccc\" src=\"https:\/\/static.xx.fbcdn.net\/images\/emoji.php\/v9\/tac\/1\/16\/1f4cc.png\">vybudova\u0165 stabiln\u00fa poradensk\u00fa b\u00e1zu pre zamestn\u00e1vate\u013eov,<\/p>\n\n\n\n<p><img decoding=\"async\" height=\"16\" width=\"16\" alt=\"\ud83d\udccc\" src=\"https:\/\/static.xx.fbcdn.net\/images\/emoji.php\/v9\/tac\/1\/16\/1f4cc.png\">pripravi\u0165 n\u00e1vrhy potrebn\u00fdch legislat\u00edvnych zmien.<\/p>\n\n\n\n<p>Projekt je spolufinancovan\u00fd zo zdrojov Eur\u00f3pskej \u00fanie v r\u00e1mci Programu Slovensko.<\/p>\n\n\n\n<figure class=\"wp-block-image size-large\"><img fetchpriority=\"high\" decoding=\"async\" width=\"1024\" height=\"768\" src=\"https:\/\/www.celozivotnakariera.sk\/wp-content\/uploads\/2025\/09\/546144028_710586185352649_7131892577239534824_n-1024x768.jpg\" alt=\"momentka zo stretnutia\" class=\"wp-image-1072\" srcset=\"https:\/\/www.celozivotnakariera.sk\/wp-content\/uploads\/2025\/09\/546144028_710586185352649_7131892577239534824_n-1024x768.jpg 1024w, https:\/\/www.celozivotnakariera.sk\/wp-content\/uploads\/2025\/09\/546144028_710586185352649_7131892577239534824_n-300x225.jpg 300w, https:\/\/www.celozivotnakariera.sk\/wp-content\/uploads\/2025\/09\/546144028_710586185352649_7131892577239534824_n-768x576.jpg 768w, https:\/\/www.celozivotnakariera.sk\/wp-content\/uploads\/2025\/09\/546144028_710586185352649_7131892577239534824_n-1536x1152.jpg 1536w, https:\/\/www.celozivotnakariera.sk\/wp-content\/uploads\/2025\/09\/546144028_710586185352649_7131892577239534824_n.jpg 2048w\" sizes=\"(max-width: 1024px) 100vw, 1024px\" \/><\/figure>\n","protected":false},"excerpt":{"rendered":"<p>Z\u00e1stupcovia zamestnancov otestovali dotazn\u00edk, ktor\u00fd v r\u00e1mci celon\u00e1rodn\u00e9ho prieskumu pracovnej schopnosti vypln\u00ed a\u017e 15 600 pracovn\u00edkov. Prieskum prebieha v r\u00e1mci n\u00e1rodn\u00e9ho projektu Vekov\u00fd mana\u017ement: Pr\u00e1ca prisp\u00f4soben\u00e1 vekov\u00fdm etap\u00e1m, ktor\u00fd na p\u00f4de Aliancie sektorov\u00fdch r\u00e1d iniciovala Konfeder\u00e1cia odborov\u00fdch zv\u00e4zov Slovenskej republiky &#8211; KOZ SR. V\u00fdsledky prieskumu prines\u00fa cenn\u00e9 poznatky, ktor\u00e9 pom\u00f4\u017eu: zisti\u0165, v akej kond\u00edcii s\u00fa [&hellip;]<\/p>\n","protected":false},"author":1,"featured_media":1073,"comment_status":"closed","ping_status":"open","sticky":false,"template":"","format":"standard","meta":{"footnotes":""},"categories":[1],"tags":[],"class_list":["post-1071","post","type-post","status-publish","format-standard","has-post-thumbnail","hentry","category-nezaradene"],"_links":{"self":[{"href":"https:\/\/www.celozivotnakariera.sk\/index.php\/wp-json\/wp\/v2\/posts\/1071","targetHints":{"allow":["GET"]}}],"collection":[{"href":"https:\/\/www.celozivotnakariera.sk\/index.php\/wp-json\/wp\/v2\/posts"}],"about":[{"href":"https:\/\/www.celozivotnakariera.sk\/index.php\/wp-json\/wp\/v2\/types\/post"}],"author":[{"embeddable":true,"href":"https:\/\/www.celozivotnakariera.sk\/index.php\/wp-json\/wp\/v2\/users\/1"}],"replies":[{"embeddable":true,"href":"https:\/\/www.celozivotnakariera.sk\/index.php\/wp-json\/wp\/v2\/comments?post=1071"}],"version-history":[{"count":2,"href":"https:\/\/www.celozivotnakariera.sk\/index.php\/wp-json\/wp\/v2\/posts\/1071\/revisions"}],"predecessor-version":[{"id":1077,"href":"https:\/\/www.celozivotnakariera.sk\/index.php\/wp-json\/wp\/v2\/posts\/1071\/revisions\/1077"}],"wp:featuredmedia":[{"embeddable":true,"href":"https:\/\/www.celozivotnakariera.sk\/index.php\/wp-json\/wp\/v2\/media\/1073"}],"wp:attachment":[{"href":"https:\/\/www.celozivotnakariera.sk\/index.php\/wp-json\/wp\/v2\/media?parent=1071"}],"wp:term":[{"taxonomy":"category","embeddable":true,"href":"https:\/\/www.celozivotnakariera.sk\/index.php\/wp-json\/wp\/v2\/categories?post=1071"},{"taxonomy":"post_tag","embeddable":true,"href":"https:\/\/www.celozivotnakariera.sk\/index.php\/wp-json\/wp\/v2\/tags?post=1071"}],"curies":[{"name":"wp","href":"https:\/\/api.w.org\/{rel}","templated":true}]}}