{"id":1123,"date":"2025-12-19T16:49:08","date_gmt":"2025-12-19T15:49:08","guid":{"rendered":"https:\/\/www.celozivotnakariera.sk\/?p=1123"},"modified":"2025-12-19T16:50:04","modified_gmt":"2025-12-19T15:50:04","slug":"konferencia-asr-temou-bol-aj-vekovy-manazment","status":"publish","type":"post","link":"https:\/\/www.celozivotnakariera.sk\/index.php\/2025\/12\/19\/konferencia-asr-temou-bol-aj-vekovy-manazment\/","title":{"rendered":"Konferencia ASR: Vekov\u00fd mana\u017ement ako jedna z hlavn\u00fdch t\u00e9m"},"content":{"rendered":"\n<p>D\u0148a 17. decembra 2025 sa konala<strong>&nbsp;konferencia n\u00e1rodn\u00e9ho projektu Aliancia sektorov\u00fdch r\u00e1d \u2013 Predv\u00eddanie trendov a&nbsp;potrieb trhu pr\u00e1ce.<\/strong>&nbsp;Predsedovia a tajomn\u00edci sektorov\u00fdch r\u00e1d sa stretli, aby zhodnotili uplynul\u00fd rok a z\u00e1rove\u0148 sa spolo\u010dne pripravili na v\u00fdzvy a aktivity, ktor\u00e9 n\u00e1s \u010dakaj\u00fa v roku 2026. Podujatie poctila svojou \u00fa\u010das\u0165ou aj predsedn\u00ed\u010dka Spr\u00e1vnej rady ASR Danica Lehock\u00e1.<\/p>\n\n\n\n<p>Sektorov\u00e9 rady spolu s&nbsp;expertmi&nbsp;ASR sa tohto roku zamerali najm\u00e4 na&nbsp;<strong>zav\u00e1dzanie nov\u00e9ho syst\u00e9mu vzdel\u00e1vania dospel\u00fdch na Slovensku,<\/strong>&nbsp;s\u00fa\u010das\u0165ou ktor\u00e9ho je aj<strong>&nbsp;tvorba a&nbsp;rev\u00edzia kariet zamestnan\u00ed a&nbsp;kariet kvalifik\u00e1ci\u00ed.<\/strong>&nbsp;V&nbsp;r\u00e1mci n\u00e1rodn\u00e9ho&nbsp;<a href=\"https:\/\/www.alianciasr.sk\/implementacia-noveho-systemu-pripravy-kvalifikovanych-dospelych-pre-trh-prace-budovanim-partnerstiev-a-personalnych-kapacit\/\">projektu INOS<\/a>&nbsp;bolo vytvoren\u00fdch a&nbsp;zverejnen\u00fdch 31 kariet zamestnan\u00ed a&nbsp;kariet kvalifik\u00e1ci\u00ed. \u010eal\u0161ie 3 karty boli vytvoren\u00e9 a&nbsp;zverejnen\u00e9 mimo n\u00e1rodn\u00e9ho projektu&nbsp;<em>(stav ku d\u0148u 15.12.).<\/em><\/p>\n\n\n\n<p><strong>Tieto karty zamestnan\u00ed a&nbsp;karty kvalifik\u00e1ci\u00ed sa nach\u00e1dzaj\u00fa na webovom port\u00e1li ASR \u2013&nbsp;<a href=\"https:\/\/www.kariernabrana.sk\/\">Kari\u00e9rna br\u00e1na.<\/a>&nbsp;<\/strong>Port\u00e1l je integrovan\u00fdm syst\u00e9mom, kde sa&nbsp;<strong>N\u00e1rodn\u00e1 s\u00fastava kvalifik\u00e1ci\u00ed sp\u00e1ja s&nbsp;N\u00e1rodnou s\u00fastavou povolan\u00ed.<\/strong>&nbsp;V&nbsp;nadch\u00e1dzaj\u00facom roku ASR pl\u00e1nuje roz\u0161\u00edri\u0165 port\u00e1l o&nbsp;nov\u00e9 funkcionality, upgradova\u0165 mobiln\u00fa aplik\u00e1ciu a&nbsp;prispie\u0165 k&nbsp;lep\u0161ej orient\u00e1cii ob\u010danov na trhu pr\u00e1ce a&nbsp;ponuk\u00e1ch vzdel\u00e1vania.<\/p>\n\n\n\n<p>Nov\u00fd syst\u00e9m vzdel\u00e1vania dospel\u00fdch na Slovensku, v&nbsp;ktorom&nbsp;<strong>ASR pln\u00ed d\u00f4le\u017eit\u00e9 \u00falohy vypl\u00fdvaj\u00face zo z\u00e1kona,&nbsp;<\/strong>zah\u0155\u0148a&nbsp;<strong>akreditovanie vzdel\u00e1vac\u00edch programov, overovania vzdel\u00e1vac\u00edch v\u00fdstupov a&nbsp;zabezpe\u010dovanie kvality v&nbsp;oblasti vzdel\u00e1vania dospel\u00fdch.<\/strong>&nbsp;ASR vedie&nbsp;<a href=\"https:\/\/www.alianciasr.sk\/digitalne-a-zelene-zrucnosti\/\">Zoznam poskytovate\u013eov vzdel\u00e1vac\u00edch programov v oblasti digit\u00e1lnych zru\u010dnost\u00ed a zelen\u00fdch zru\u010dnost\u00ed,<\/a>&nbsp;\u010d\u00edm zabezpe\u010duje kvalitu vzdel\u00e1vania v&nbsp;tejto oblasti. &nbsp;<\/p>\n\n\n\n<p>V\u00fdznamnou aktivitou sektorov\u00fdch r\u00e1d v&nbsp;tomto roku bola tvorba&nbsp;<a href=\"https:\/\/www.alianciasr.sk\/analyticke-vystupy-np-asr-2025\/\">strat\u00e9gi\u00ed rozvoja \u013eudsk\u00fdch zdrojov v nov\u00fdch demografick\u00fdch, technologick\u00fdch a environment\u00e1lnych podmienkach.<\/a>&nbsp;Ka\u017ed\u00fd sektor disponuje svojou vlastnou strat\u00e9giou. Experti&nbsp;ASR na z\u00e1klade t\u00fdchto strat\u00e9gi\u00ed vytvorili celon\u00e1rodn\u00fa&nbsp;<a href=\"https:\/\/www.alianciasr.sk\/wp-content\/uploads\/2025\/12\/Strategia-RLZ-ASR-2025_FINsprilohami.pdf\">Strat\u00e9giu rozvoja \u013eudsk\u00fdch zdrojov v nov\u00fdch demografick\u00fdch, technologick\u00fdch a environment\u00e1lnych podmienkach do roku 2035.&nbsp;<\/a>T\u00e1 obsahuje aj n\u00e1vrhy opatren\u00ed pre jednotliv\u00e9 ministerstv\u00e1.<\/p>\n\n\n\n<p>V\u00a0tomto roku ASR otvorila n\u00e1ro\u010dn\u00fa t\u00e9mu \u2013\u00a0<strong>zav\u00e1dzanie vekov\u00e9ho mana\u017ementu do firemnej kult\u00fary podnikov na Slovensku.<\/strong>\u00a0Vekov\u00fd mana\u017ement zah\u0155\u0148a aj nastavenie pracovn\u00fdch podmienok na\u00a0<strong>udr\u017eanie seniorov v zamestnan\u00ed, ako aj nastavenie opatren\u00ed na vyu\u017e\u00edvanie flexibiln\u00fdch foriem pr\u00e1ce pre rodi\u010dov mal\u00fdch det\u00ed a osoby s neform\u00e1lnymi opatrovate\u013esk\u00fdmi povinnos\u0165ami.<\/strong>\u00a0Diskusiu k n\u00e1rodn\u00e9mu projektu <strong>Vekov\u00fd mana\u017ement: Pr\u00e1ca prisp\u00f4soben\u00e1 \u017eivotn\u00fdm etap\u00e1m<\/strong> viedol <strong>Michal N\u011bmec<\/strong>, hlavn\u00fd metodik projektu.<\/p>\n\n\n\n<p>Za zmienku stoj\u00ed aj roz\u0161irovanie spolupr\u00e1ce.&nbsp;<strong>Tohto roku bolo podp\u00edsan\u00fdch viacero v\u00fdznamn\u00fdch memor\u00e1nd o&nbsp;spolupr\u00e1ci s&nbsp;d\u00f4le\u017eit\u00fdmi partnermi.&nbsp;<\/strong>Medzi nich patr\u00ed&nbsp;<strong>\u0160t\u00e1tny in\u0161tit\u00fat odborn\u00e9ho vzdel\u00e1vania, \u0160tatistick\u00fd \u00farad SR \u010di zdru\u017eenie SK8.<\/strong>&nbsp;Spolupr\u00e1ca medzi ASR a&nbsp;SK8 zabezpe\u010d\u00ed lep\u0161iu koordin\u00e1ciu medzi n\u00e1rodnou \u00farov\u0148ou (ASR) a region\u00e1lnou \u00farov\u0148ou (SK8), \u010do je k\u013e\u00fa\u010dov\u00e9 pre efekt\u00edvne progn\u00f3zovanie potrieb trhu pr\u00e1ce a prenos zisten\u00ed do vzdel\u00e1vac\u00edch polit\u00edk.<\/p>\n\n\n\n<p>Rok 2025 bol pre ASR \u00faspe\u0161n\u00fdm rokom, \u010do potvrdila aj priate\u013esk\u00e1 atmosf\u00e9ra konferencie. ASR tak predstavuje platformu kde za jedn\u00fdm stolom diskutuj\u00fa akt\u00e9ri tripartity a&nbsp;z\u00e1rove\u0148 sa stret\u00e1vaj\u00fa s&nbsp;\u010fal\u0161\u00edmi partnermi, a&nbsp;navy\u0161e sa v&nbsp;r\u00e1mci sektorov\u00fdch r\u00e1d sp\u00e1jaj\u00fa odborn\u00edci zo v\u0161etk\u00fdch sektorov hospod\u00e1rstva, aby nach\u00e1dzali rie\u0161enia na celon\u00e1rodn\u00e9 i&nbsp;nadn\u00e1rodn\u00e9 v\u00fdzvy.<\/p>\n\n\n\n<figure class=\"wp-block-gallery has-nested-images columns-default is-cropped wp-block-gallery-1 is-layout-flex wp-block-gallery-is-layout-flex\">\n<figure class=\"wp-block-image size-large\"><img fetchpriority=\"high\" decoding=\"async\" width=\"1024\" height=\"858\" data-id=\"1125\" src=\"https:\/\/www.celozivotnakariera.sk\/wp-content\/uploads\/2025\/12\/2-1024x858.png\" alt=\"Momentka z konferencie\" class=\"wp-image-1125\" srcset=\"https:\/\/www.celozivotnakariera.sk\/wp-content\/uploads\/2025\/12\/2-1024x858.png 1024w, https:\/\/www.celozivotnakariera.sk\/wp-content\/uploads\/2025\/12\/2-300x252.png 300w, https:\/\/www.celozivotnakariera.sk\/wp-content\/uploads\/2025\/12\/2-768x644.png 768w, https:\/\/www.celozivotnakariera.sk\/wp-content\/uploads\/2025\/12\/2.png 1528w\" sizes=\"(max-width: 1024px) 100vw, 1024px\" \/><\/figure>\n\n\n\n<figure class=\"wp-block-image size-large\"><img decoding=\"async\" width=\"1024\" height=\"858\" data-id=\"1124\" src=\"https:\/\/www.celozivotnakariera.sk\/wp-content\/uploads\/2025\/12\/3-1024x858.png\" alt=\"Momentka z konferencie\" class=\"wp-image-1124\" srcset=\"https:\/\/www.celozivotnakariera.sk\/wp-content\/uploads\/2025\/12\/3-1024x858.png 1024w, https:\/\/www.celozivotnakariera.sk\/wp-content\/uploads\/2025\/12\/3-300x252.png 300w, https:\/\/www.celozivotnakariera.sk\/wp-content\/uploads\/2025\/12\/3-768x644.png 768w, https:\/\/www.celozivotnakariera.sk\/wp-content\/uploads\/2025\/12\/3.png 1528w\" sizes=\"(max-width: 1024px) 100vw, 1024px\" \/><\/figure>\n\n\n\n<figure class=\"wp-block-image size-large\"><img decoding=\"async\" width=\"1024\" height=\"858\" data-id=\"1128\" src=\"https:\/\/www.celozivotnakariera.sk\/wp-content\/uploads\/2025\/12\/4-1024x858.png\" alt=\"Momentka z konferencie\" class=\"wp-image-1128\" srcset=\"https:\/\/www.celozivotnakariera.sk\/wp-content\/uploads\/2025\/12\/4-1024x858.png 1024w, https:\/\/www.celozivotnakariera.sk\/wp-content\/uploads\/2025\/12\/4-300x252.png 300w, https:\/\/www.celozivotnakariera.sk\/wp-content\/uploads\/2025\/12\/4-768x644.png 768w, https:\/\/www.celozivotnakariera.sk\/wp-content\/uploads\/2025\/12\/4.png 1528w\" sizes=\"(max-width: 1024px) 100vw, 1024px\" \/><\/figure>\n\n\n\n<figure class=\"wp-block-image size-full\"><img loading=\"lazy\" decoding=\"async\" width=\"422\" height=\"591\" data-id=\"1132\" src=\"https:\/\/www.celozivotnakariera.sk\/wp-content\/uploads\/2025\/12\/FB-prispevok-sablona-940-x-788-px-1.png\" alt=\"Momentka z konferencie\" class=\"wp-image-1132\" srcset=\"https:\/\/www.celozivotnakariera.sk\/wp-content\/uploads\/2025\/12\/FB-prispevok-sablona-940-x-788-px-1.png 422w, https:\/\/www.celozivotnakariera.sk\/wp-content\/uploads\/2025\/12\/FB-prispevok-sablona-940-x-788-px-1-214x300.png 214w\" sizes=\"(max-width: 422px) 100vw, 422px\" \/><\/figure>\n\n\n\n<figure class=\"wp-block-image size-large\"><img loading=\"lazy\" decoding=\"async\" width=\"768\" height=\"1024\" data-id=\"1129\" src=\"https:\/\/www.celozivotnakariera.sk\/wp-content\/uploads\/2025\/12\/IMG_3125-768x1024.jpg\" alt=\"Momentka z konferencie\" class=\"wp-image-1129\" srcset=\"https:\/\/www.celozivotnakariera.sk\/wp-content\/uploads\/2025\/12\/IMG_3125-768x1024.jpg 768w, https:\/\/www.celozivotnakariera.sk\/wp-content\/uploads\/2025\/12\/IMG_3125-225x300.jpg 225w, https:\/\/www.celozivotnakariera.sk\/wp-content\/uploads\/2025\/12\/IMG_3125-1152x1536.jpg 1152w, https:\/\/www.celozivotnakariera.sk\/wp-content\/uploads\/2025\/12\/IMG_3125-1536x2048.jpg 1536w, https:\/\/www.celozivotnakariera.sk\/wp-content\/uploads\/2025\/12\/IMG_3125-scaled.jpg 1920w\" sizes=\"(max-width: 768px) 100vw, 768px\" \/><\/figure>\n\n\n\n<figure class=\"wp-block-image size-large\"><img loading=\"lazy\" decoding=\"async\" width=\"768\" height=\"1024\" data-id=\"1127\" src=\"https:\/\/www.celozivotnakariera.sk\/wp-content\/uploads\/2025\/12\/IMG_3179-768x1024.jpg\" alt=\"Momentka z konferencie\" class=\"wp-image-1127\" srcset=\"https:\/\/www.celozivotnakariera.sk\/wp-content\/uploads\/2025\/12\/IMG_3179-768x1024.jpg 768w, https:\/\/www.celozivotnakariera.sk\/wp-content\/uploads\/2025\/12\/IMG_3179-225x300.jpg 225w, https:\/\/www.celozivotnakariera.sk\/wp-content\/uploads\/2025\/12\/IMG_3179-1152x1536.jpg 1152w, https:\/\/www.celozivotnakariera.sk\/wp-content\/uploads\/2025\/12\/IMG_3179-1536x2048.jpg 1536w, https:\/\/www.celozivotnakariera.sk\/wp-content\/uploads\/2025\/12\/IMG_3179-scaled.jpg 1920w\" sizes=\"(max-width: 768px) 100vw, 768px\" \/><\/figure>\n\n\n\n<figure class=\"wp-block-image size-large\"><img loading=\"lazy\" decoding=\"async\" width=\"1024\" height=\"576\" data-id=\"1131\" src=\"https:\/\/www.celozivotnakariera.sk\/wp-content\/uploads\/2025\/12\/IMG_E3177-1024x576.jpg\" alt=\"Momentka z konferencie\" class=\"wp-image-1131\" srcset=\"https:\/\/www.celozivotnakariera.sk\/wp-content\/uploads\/2025\/12\/IMG_E3177-1024x576.jpg 1024w, https:\/\/www.celozivotnakariera.sk\/wp-content\/uploads\/2025\/12\/IMG_E3177-300x169.jpg 300w, https:\/\/www.celozivotnakariera.sk\/wp-content\/uploads\/2025\/12\/IMG_E3177-768x432.jpg 768w, https:\/\/www.celozivotnakariera.sk\/wp-content\/uploads\/2025\/12\/IMG_E3177-1536x864.jpg 1536w, https:\/\/www.celozivotnakariera.sk\/wp-content\/uploads\/2025\/12\/IMG_E3177-2048x1152.jpg 2048w\" sizes=\"(max-width: 1024px) 100vw, 1024px\" \/><\/figure>\n<\/figure>\n","protected":false},"excerpt":{"rendered":"<p>Konferencia ASR potvrdila, \u017ee rok 2025 je pre  sektorov\u00e9 rady mimoriadne \u00faspe\u0161n\u00fd.<\/p>\n","protected":false},"author":1,"featured_media":1126,"comment_status":"closed","ping_status":"open","sticky":false,"template":"","format":"standard","meta":{"footnotes":""},"categories":[1],"tags":[],"class_list":["post-1123","post","type-post","status-publish","format-standard","has-post-thumbnail","hentry","category-nezaradene"],"_links":{"self":[{"href":"https:\/\/www.celozivotnakariera.sk\/index.php\/wp-json\/wp\/v2\/posts\/1123","targetHints":{"allow":["GET"]}}],"collection":[{"href":"https:\/\/www.celozivotnakariera.sk\/index.php\/wp-json\/wp\/v2\/posts"}],"about":[{"href":"https:\/\/www.celozivotnakariera.sk\/index.php\/wp-json\/wp\/v2\/types\/post"}],"author":[{"embeddable":true,"href":"https:\/\/www.celozivotnakariera.sk\/index.php\/wp-json\/wp\/v2\/users\/1"}],"replies":[{"embeddable":true,"href":"https:\/\/www.celozivotnakariera.sk\/index.php\/wp-json\/wp\/v2\/comments?post=1123"}],"version-history":[{"count":2,"href":"https:\/\/www.celozivotnakariera.sk\/index.php\/wp-json\/wp\/v2\/posts\/1123\/revisions"}],"predecessor-version":[{"id":1134,"href":"https:\/\/www.celozivotnakariera.sk\/index.php\/wp-json\/wp\/v2\/posts\/1123\/revisions\/1134"}],"wp:featuredmedia":[{"embeddable":true,"href":"https:\/\/www.celozivotnakariera.sk\/index.php\/wp-json\/wp\/v2\/media\/1126"}],"wp:attachment":[{"href":"https:\/\/www.celozivotnakariera.sk\/index.php\/wp-json\/wp\/v2\/media?parent=1123"}],"wp:term":[{"taxonomy":"category","embeddable":true,"href":"https:\/\/www.celozivotnakariera.sk\/index.php\/wp-json\/wp\/v2\/categories?post=1123"},{"taxonomy":"post_tag","embeddable":true,"href":"https:\/\/www.celozivotnakariera.sk\/index.php\/wp-json\/wp\/v2\/tags?post=1123"}],"curies":[{"name":"wp","href":"https:\/\/api.w.org\/{rel}","templated":true}]}}